{"id":1891,"date":"2019-07-19T03:09:09","date_gmt":"2019-07-19T03:09:09","guid":{"rendered":"http:\/\/globalplus.ec\/research\/?p=1891"},"modified":"2019-07-19T15:14:33","modified_gmt":"2019-07-19T15:14:33","slug":"taller-de-gestion-de-politicas-publicas-para-el-desarrollo-sostenible","status":"publish","type":"post","link":"https:\/\/globalplus.ec\/research\/taller-de-gestion-de-politicas-publicas-para-el-desarrollo-sostenible\/","title":{"rendered":"\u00abTaller de gesti\u00f3n de pol\u00edticas p\u00fablicas para el desarrollo sotenible\u00bb"},"content":{"rendered":"<p>GlobalPlus, tiene el agrado de invitarlo al curso \u00ab<em><strong>TALLER DE GESTI\u00d3N DE POL\u00cdTICAS P\u00daBLICAS PARA EL DESARROLLO SOSTENIBLE\u00bb,&nbsp;<\/strong><\/em>que se desarrollar\u00e1 el 26 y 27 de agosto 2019 en el sal\u00f3n auditorium antiguo. Se otorgar\u00e1 certificado de aprobaci\u00f3n por 32 horas acad\u00e9micas.<\/p>\n<p>Mayores informes: coordinacion@globalplus.ec<\/p>\n\n\n<figure class=\"wp-block-image\"><img loading=\"lazy\" width=\"2000\" height=\"1414\" src=\"https:\/\/globalplus.ec\/research\/wp-content\/uploads\/2019\/07\/EVENTO-01-NOTICIA-GRANDE.gif\" alt=\"\" class=\"wp-image-1895\"\/><\/figure>\n","protected":false},"excerpt":{"rendered":"<p>GlobalPlus, tiene el agrado de invitarlo al curso \u00abTALLER DE GESTI\u00d3N DE POL\u00cdTICAS P\u00daBLICAS PARA EL DESARROLLO SOSTENIBLE\u00bb,&nbsp;que se desarrollar\u00e1 el 26 y 27 de agosto 2019 en el sal\u00f3n auditorium antiguo. Se otorgar\u00e1 certificado de aprobaci\u00f3n por 32 horas acad\u00e9micas. Mayores informes: coordinacion@globalplus.ec<\/p>\n","protected":false},"author":1,"featured_media":1911,"comment_status":"closed","ping_status":"closed","sticky":false,"template":"","format":"standard","meta":[],"categories":[15],"tags":[],"_links":{"self":[{"href":"https:\/\/globalplus.ec\/research\/wp-json\/wp\/v2\/posts\/1891"}],"collection":[{"href":"https:\/\/globalplus.ec\/research\/wp-json\/wp\/v2\/posts"}],"about":[{"href":"https:\/\/globalplus.ec\/research\/wp-json\/wp\/v2\/types\/post"}],"author":[{"embeddable":true,"href":"https:\/\/globalplus.ec\/research\/wp-json\/wp\/v2\/users\/1"}],"replies":[{"embeddable":true,"href":"https:\/\/globalplus.ec\/research\/wp-json\/wp\/v2\/comments?post=1891"}],"version-history":[{"count":9,"href":"https:\/\/globalplus.ec\/research\/wp-json\/wp\/v2\/posts\/1891\/revisions"}],"predecessor-version":[{"id":1945,"href":"https:\/\/globalplus.ec\/research\/wp-json\/wp\/v2\/posts\/1891\/revisions\/1945"}],"wp:featuredmedia":[{"embeddable":true,"href":"https:\/\/globalplus.ec\/research\/wp-json\/wp\/v2\/media\/1911"}],"wp:attachment":[{"href":"https:\/\/globalplus.ec\/research\/wp-json\/wp\/v2\/media?parent=1891"}],"wp:term":[{"taxonomy":"category","embeddable":true,"href":"https:\/\/globalplus.ec\/research\/wp-json\/wp\/v2\/categories?post=1891"},{"taxonomy":"post_tag","embeddable":true,"href":"https:\/\/globalplus.ec\/research\/wp-json\/wp\/v2\/tags?post=1891"}],"curies":[{"name":"wp","href":"https:\/\/api.w.org\/{rel}","templated":true}]}}